{"id":2109,"date":"2023-03-01T04:17:00","date_gmt":"2023-03-01T04:17:00","guid":{"rendered":"https:\/\/caminhosdahistoria.com\/?p=2109"},"modified":"2023-02-22T16:19:17","modified_gmt":"2023-02-22T16:19:17","slug":"tomar-celebra-a-1-de-marco-os-863-anos-da-fundacao-do-castelo-templario","status":"publish","type":"post","link":"https:\/\/caminhosdahistoria.com\/fr\/2023\/03\/01\/tomar-celebra-a-1-de-marco-os-863-anos-da-fundacao-do-castelo-templario\/","title":{"rendered":"Tomar celebra a 1 de mar\u00e7o os 863 anos da funda\u00e7\u00e3o do Castelo Templ\u00e1rio"},"content":{"rendered":"<div class=\"wp-container-2 wp-block-columns\">\n<div class=\"wp-container-1 wp-block-column\">\n<figure class=\"wp-block-image size-large\"><img loading=\"lazy\" width=\"1024\" height=\"819\" src=\"https:\/\/caminhosdahistoria.com\/wp-content\/uploads\/2023\/02\/Dia-1-Tomar-1024x819.jpg\" alt=\"\" class=\"wp-image-2110\" srcset=\"https:\/\/caminhosdahistoria.com\/wp-content\/uploads\/2023\/02\/Dia-1-Tomar-1024x819.jpg 1024w, https:\/\/caminhosdahistoria.com\/wp-content\/uploads\/2023\/02\/Dia-1-Tomar-300x240.jpg 300w, https:\/\/caminhosdahistoria.com\/wp-content\/uploads\/2023\/02\/Dia-1-Tomar-768x614.jpg 768w, https:\/\/caminhosdahistoria.com\/wp-content\/uploads\/2023\/02\/Dia-1-Tomar-1536x1229.jpg 1536w, https:\/\/caminhosdahistoria.com\/wp-content\/uploads\/2023\/02\/Dia-1-Tomar-15x12.jpg 15w, https:\/\/caminhosdahistoria.com\/wp-content\/uploads\/2023\/02\/Dia-1-Tomar.jpg 2000w\" sizes=\"(max-width: 1024px) 100vw, 1024px\" \/><\/figure>\n\n\n<div class=\"wp-block-post-excerpt\"><p class=\"wp-block-post-excerpt__excerpt\">Antiga sede da Ordem dos Templ\u00e1rios, Tomar \u00e9 uma cidade de grande encanto, pela sua riqueza art\u00edstica e cultural. Fundada por D. Gualdim Pais \u2013 cavaleiro Templ\u00e1rio em 1 de Mar\u00e7o em 1158 (data do in\u00edcio da constru\u00e7\u00e3o do castelo) j\u00e1 que o pequeno e j\u00e1 velho castelo de Ceras (lugar situado a Norte a cerca de 12 Km) era a \u00fanica fortifica\u00e7\u00e3o em todo o vasto territ\u00f3rio que D. Afonso Henriques deu aos Templ\u00e1rios.\u00a0<br>Por ser pequeno ou estar arruinado, o certo \u00e9 que D. Gualdim Pais acabou por escolher outro s\u00edtio para construir o principal castelo dos Templ\u00e1rios, o primeiro que ele construiu em Portugal.\u00a0 Uma\u00a0l\u00e1pide,\u00a0por cima da entrada da torre de menagem, diz-nos que a constru\u00e7\u00e3o do castelo se iniciou no dia 1 de mar\u00e7o de 1160, logo no ano seguinte aos Templ\u00e1rios terem chegado a Ceras.<br>Mas como chegou D, Gualdim at\u00e9 este local?<br>Um documento de 1317, ou seja, 157 anos depois dos acontecimentos, \u00e9 a fonte mais antiga que nos conta esta hist\u00f3ria. A\u00ed est\u00e1 escrito que Gil Esteves, \u00abdepois de ter jurado, sobre os Evangelhos, dizer a verdade\u00bb, disse que ouvira dizer a seu av\u00f4, Martim Tinoca, o que ele tamb\u00e9m j\u00e1 lhe tinha contado um tal D. Mendo, ainda mais velho:<br>Um besteiro\u00a0foi ter com D. Gualdim e contou-lhe que, enquanto andava a ca\u00e7ar, tinha encontrado um lugar onde havia um povoado antigo e abandonado. O Mestre veio ent\u00e3o ver o s\u00edtio, junto ao Nab\u00e3o, onde estavam as ru\u00ednas da cidade de Sellium com a sua ponte romana.\u00a0<br>Domingos Paes Roussado tamb\u00e9m foi ouvido pelo oficial encarregue, por\u00a0<a href=\"http:\/\/www.ttt.ipt.pt\/index.php?nivel=2&amp;m=51#\"><\/a>D. Diniz, de fazer esta\u00a0inquiri\u00e7\u00e3o.\u00a0Disse e jurou que ouvira contar a muitos homens-bons antigos que D. Gualdim mandou sortear entre tr\u00eas montes, para escolher em qual se iria construir a nova fortaleza dos Templ\u00e1rios. Por tr\u00eas vezes foram lan\u00e7adas as sortes e por tr\u00eas vezes a sorte escolheu o monte onde est\u00e1 o castelo.<br>Escolhido o local, alguns dos companheiros de D. Gualdim seguiram para l\u00e1. Ele ficou para tr\u00e1s, certamente a explorar as margens do rio e a descobrir as ru\u00ednas abandonadas de Sellium.\u00a0<br>Quando o Mestre dos Templ\u00e1rios come\u00e7ou a subir o monte, ouviu os gritos dos seus homens:<br>\u00ab Toma-lo! Toma-lo!\u00bb<br>Encontrados os companheiros, percebeu o motivo de toda aquela confus\u00e3o. Um javali! Os gritos dos homens, enquanto perseguiam o animal, queriam dizer: apanha-o, agarra-o.<br>Quando D. Gualdim chegou e viu o javali, j\u00e1 morto, decidiu que Tomar seria o nome do castelo e do povoado que iriam fundar. A palavra \u00abtomar\u00bb tamb\u00e9m tinha, e ainda tem, o sentido de conquista. Conquistar ou tomar um castelo ou uma cidade, por exemplo.<br>Esta inquiri\u00e7\u00e3o, de 1317, n\u00e3o \u00e9 a \u00fanica mem\u00f3ria da funda\u00e7\u00e3o de Tomar. Na igreja de S. Jo\u00e3o Baptista a hist\u00f3ria \u00e9 contada em imagens, podemos visualizar um javali num dos capiteis das colunas desta igreja.<br> <\/p><\/div><\/div>\n<\/div>\n\n\n\n<div class=\"wp-container-15 wp-block-columns\">\n<div class=\"wp-container-5 wp-block-column\">\n<figure class=\"wp-container-4 wp-block-gallery-3 wp-block-gallery has-nested-images columns-default is-cropped\">\n<figure class=\"wp-block-image size-large is-style-rounded\"><img loading=\"lazy\" width=\"768\" height=\"1024\" src=\"https:\/\/caminhosdahistoria.com\/wp-content\/uploads\/2023\/02\/IMG_8129-768x1024.jpg\" alt=\"\" class=\"wp-image-2115\" srcset=\"https:\/\/caminhosdahistoria.com\/wp-content\/uploads\/2023\/02\/IMG_8129-768x1024.jpg 768w, https:\/\/caminhosdahistoria.com\/wp-content\/uploads\/2023\/02\/IMG_8129-225x300.jpg 225w, https:\/\/caminhosdahistoria.com\/wp-content\/uploads\/2023\/02\/IMG_8129-1152x1536.jpg 1152w, https:\/\/caminhosdahistoria.com\/wp-content\/uploads\/2023\/02\/IMG_8129-1536x2048.jpg 1536w, https:\/\/caminhosdahistoria.com\/wp-content\/uploads\/2023\/02\/IMG_8129-9x12.jpg 9w, https:\/\/caminhosdahistoria.com\/wp-content\/uploads\/2023\/02\/IMG_8129-scaled.jpg 1920w\" sizes=\"(max-width: 768px) 100vw, 768px\" \/><\/figure>\n<\/figure>\n<\/div>\n\n\n\n<div class=\"wp-container-8 wp-block-column\">\n<figure class=\"wp-container-7 wp-block-gallery-6 wp-block-gallery has-nested-images columns-default is-cropped\">\n<figure class=\"wp-block-image size-large is-style-rounded\"><img loading=\"lazy\" width=\"768\" height=\"1024\" src=\"https:\/\/caminhosdahistoria.com\/wp-content\/uploads\/2023\/02\/2021-12-17-10.44.36-768x1024.jpg\" alt=\"\" class=\"wp-image-2114\" srcset=\"https:\/\/caminhosdahistoria.com\/wp-content\/uploads\/2023\/02\/2021-12-17-10.44.36-768x1024.jpg 768w, https:\/\/caminhosdahistoria.com\/wp-content\/uploads\/2023\/02\/2021-12-17-10.44.36-225x300.jpg 225w, https:\/\/caminhosdahistoria.com\/wp-content\/uploads\/2023\/02\/2021-12-17-10.44.36-1152x1536.jpg 1152w, https:\/\/caminhosdahistoria.com\/wp-content\/uploads\/2023\/02\/2021-12-17-10.44.36-1536x2048.jpg 1536w, https:\/\/caminhosdahistoria.com\/wp-content\/uploads\/2023\/02\/2021-12-17-10.44.36-9x12.jpg 9w, https:\/\/caminhosdahistoria.com\/wp-content\/uploads\/2023\/02\/2021-12-17-10.44.36-scaled.jpg 1920w\" sizes=\"(max-width: 768px) 100vw, 768px\" \/><\/figure>\n<\/figure>\n<\/div>\n\n\n\n<div class=\"wp-container-11 wp-block-column\">\n<figure class=\"wp-container-10 wp-block-gallery-9 wp-block-gallery has-nested-images columns-default is-cropped\">\n<figure class=\"wp-block-image size-large is-style-rounded\"><img loading=\"lazy\" width=\"768\" height=\"1024\" src=\"https:\/\/caminhosdahistoria.com\/wp-content\/uploads\/2023\/02\/2021-12-17-11.07.23-1-768x1024.jpg\" alt=\"\" class=\"wp-image-2118\" srcset=\"https:\/\/caminhosdahistoria.com\/wp-content\/uploads\/2023\/02\/2021-12-17-11.07.23-1-768x1024.jpg 768w, https:\/\/caminhosdahistoria.com\/wp-content\/uploads\/2023\/02\/2021-12-17-11.07.23-1-225x300.jpg 225w, https:\/\/caminhosdahistoria.com\/wp-content\/uploads\/2023\/02\/2021-12-17-11.07.23-1-1152x1536.jpg 1152w, https:\/\/caminhosdahistoria.com\/wp-content\/uploads\/2023\/02\/2021-12-17-11.07.23-1-1536x2048.jpg 1536w, https:\/\/caminhosdahistoria.com\/wp-content\/uploads\/2023\/02\/2021-12-17-11.07.23-1-9x12.jpg 9w, https:\/\/caminhosdahistoria.com\/wp-content\/uploads\/2023\/02\/2021-12-17-11.07.23-1-scaled.jpg 1920w\" sizes=\"(max-width: 768px) 100vw, 768px\" \/><\/figure>\n<\/figure>\n<\/div>\n\n\n\n<div class=\"wp-container-14 wp-block-column\">\n<figure class=\"wp-container-13 wp-block-gallery-12 wp-block-gallery has-nested-images columns-default is-cropped\">\n<figure class=\"wp-block-image size-large is-style-rounded\"><img loading=\"lazy\" width=\"768\" height=\"1024\" src=\"https:\/\/caminhosdahistoria.com\/wp-content\/uploads\/2023\/02\/2021-12-17-11.41.28-1-768x1024.jpg\" alt=\"\" class=\"wp-image-2119\" srcset=\"https:\/\/caminhosdahistoria.com\/wp-content\/uploads\/2023\/02\/2021-12-17-11.41.28-1-768x1024.jpg 768w, https:\/\/caminhosdahistoria.com\/wp-content\/uploads\/2023\/02\/2021-12-17-11.41.28-1-225x300.jpg 225w, https:\/\/caminhosdahistoria.com\/wp-content\/uploads\/2023\/02\/2021-12-17-11.41.28-1-1152x1536.jpg 1152w, https:\/\/caminhosdahistoria.com\/wp-content\/uploads\/2023\/02\/2021-12-17-11.41.28-1-1536x2048.jpg 1536w, https:\/\/caminhosdahistoria.com\/wp-content\/uploads\/2023\/02\/2021-12-17-11.41.28-1-9x12.jpg 9w, https:\/\/caminhosdahistoria.com\/wp-content\/uploads\/2023\/02\/2021-12-17-11.41.28-1-scaled.jpg 1920w\" sizes=\"(max-width: 768px) 100vw, 768px\" \/><\/figure>\n<\/figure>\n<\/div>\n<\/div>\n\n\n\n<p><\/p>","protected":false},"excerpt":{"rendered":"<p>Antiga sede da Ordem dos Templ\u00e1rios, Tomar \u00e9 uma cidade de grande encanto, pela sua riqueza art\u00edstica e cultural. Fundada por D. Gualdim Pais \u2013 cavaleiro Templ\u00e1rio em 1 de Mar\u00e7o em 1158 (data do in\u00edcio da constru\u00e7\u00e3o do castelo) j\u00e1 que o pequeno e j\u00e1 velho castelo de Ceras (lugar situado a Norte a cerca de 12 Km) era a \u00fanica fortifica\u00e7\u00e3o em todo o vasto territ\u00f3rio que D. Afonso Henriques deu aos Templ\u00e1rios.\u00a0<br \/>Por ser pequeno ou estar arruinado, o certo \u00e9 que D. Gualdim Pais acabou por escolher outro s\u00edtio para construir o principal castelo dos Templ\u00e1rios, o primeiro que ele construiu em Portugal.\u00a0 Uma\u00a0l\u00e1pide,\u00a0por cima da entrada da torre de menagem, diz-nos que a constru\u00e7\u00e3o do castelo se iniciou no dia 1 de mar\u00e7o de 1160, logo no ano seguinte aos Templ\u00e1rios terem chegado a Ceras.<br \/>Mas como chegou D, Gualdim at\u00e9 este local?<br \/>Um documento de 1317, ou seja, 157 anos depois dos acontecimentos, \u00e9 a fonte mais antiga que nos conta esta hist\u00f3ria. A\u00ed est\u00e1 escrito que Gil Esteves, \u00abdepois de ter jurado, sobre os Evangelhos, dizer a verdade\u00bb, disse que ouvira dizer a seu av\u00f4, Martim Tinoca, o que ele tamb\u00e9m j\u00e1 lhe tinha contado um tal D. Mendo, ainda mais velho:<br \/>Um besteiro\u00a0foi ter com D. Gualdim e contou-lhe que, enquanto andava a ca\u00e7ar, tinha encontrado um lugar onde havia um povoado antigo e abandonado. O Mestre veio ent\u00e3o ver o s\u00edtio, junto ao Nab\u00e3o, onde estavam as ru\u00ednas da cidade de Sellium com a sua ponte romana.\u00a0<br \/>Domingos Paes Roussado tamb\u00e9m foi ouvido pelo oficial encarregue, por\u00a0<a href=\"http:\/\/www.ttt.ipt.pt\/index.php?nivel=2&amp;m=51#\"><\/a>D. Diniz, de fazer esta\u00a0inquiri\u00e7\u00e3o.\u00a0Disse e jurou que ouvira contar a muitos homens-bons antigos que D. Gualdim mandou sortear entre tr\u00eas montes, para escolher em qual se iria construir a nova fortaleza dos Templ\u00e1rios. Por tr\u00eas vezes foram lan\u00e7adas as sortes e por tr\u00eas vezes a sorte escolheu o monte onde est\u00e1 o castelo.<br \/>Escolhido o local, alguns dos companheiros de D. Gualdim seguiram para l\u00e1. Ele ficou para tr\u00e1s, certamente a explorar as margens do rio e a descobrir as ru\u00ednas abandonadas de Sellium.\u00a0<br \/>Quando o Mestre dos Templ\u00e1rios come\u00e7ou a subir o monte, ouviu os gritos dos seus homens:<br \/>\u00ab Toma-lo! Toma-lo!\u00bb<br \/>Encontrados os companheiros, percebeu o motivo de toda aquela confus\u00e3o. Um javali! Os gritos dos homens, enquanto perseguiam o animal, queriam dizer: apanha-o, agarra-o.<br \/>Quando D. Gualdim chegou e viu o javali, j\u00e1 morto, decidiu que Tomar seria o nome do castelo e do povoado que iriam fundar. A palavra \u00abtomar\u00bb tamb\u00e9m tinha, e ainda tem, o sentido de conquista. Conquistar ou tomar um castelo ou uma cidade, por exemplo.<br \/>Esta inquiri\u00e7\u00e3o, de 1317, n\u00e3o \u00e9 a \u00fanica mem\u00f3ria da funda\u00e7\u00e3o de Tomar. Na igreja de S. Jo\u00e3o Baptista a hist\u00f3ria \u00e9 contada em imagens, podemos visualizar um javali num dos capiteis das colunas desta igreja.<\/p>","protected":false},"author":3,"featured_media":0,"comment_status":"open","ping_status":"open","sticky":false,"template":"","format":"standard","meta":{"_joinchat":[]},"categories":[9],"tags":[],"yoast_head":"<!-- This site is optimized with the Yoast SEO plugin v19.2 - https:\/\/yoast.com\/wordpress\/plugins\/seo\/ -->\n<title>Tomar celebra a 1 de mar\u00e7o os 863 anos da funda\u00e7\u00e3o do Castelo Templ\u00e1rio - Caminhos da Hist\u00f3ria<\/title>\n<meta name=\"description\" content=\"Antiga sede da Ordem dos Templ\u00e1rios, Tomar \u00e9 uma cidade de grande encanto, pela sua riqueza art\u00edstica e cultural. Fundada por D. Gualdim Pais \u2013 cavaleiro Templ\u00e1rio em 1 de Mar\u00e7o em 1158.\" \/>\n<meta name=\"robots\" content=\"index, follow, max-snippet:-1, max-image-preview:large, max-video-preview:-1\" \/>\n<link rel=\"canonical\" href=\"https:\/\/caminhosdahistoria.com\/fr\/2023\/03\/01\/tomar-celebra-a-1-de-marco-os-863-anos-da-fundacao-do-castelo-templario\/\" \/>\n<meta property=\"og:locale\" content=\"fr_FR\" \/>\n<meta property=\"og:type\" content=\"article\" \/>\n<meta property=\"og:title\" content=\"Tomar celebra a 1 de mar\u00e7o os 863 anos da funda\u00e7\u00e3o do Castelo Templ\u00e1rio - Caminhos da Hist\u00f3ria\" \/>\n<meta property=\"og:description\" content=\"Antiga sede da Ordem dos Templ\u00e1rios, Tomar \u00e9 uma cidade de grande encanto, pela sua riqueza art\u00edstica e cultural. Fundada por D. Gualdim Pais \u2013 cavaleiro Templ\u00e1rio em 1 de Mar\u00e7o em 1158.\" \/>\n<meta property=\"og:url\" content=\"https:\/\/caminhosdahistoria.com\/fr\/2023\/03\/01\/tomar-celebra-a-1-de-marco-os-863-anos-da-fundacao-do-castelo-templario\/\" \/>\n<meta property=\"og:site_name\" content=\"Caminhos da Hist\u00f3ria\" \/>\n<meta property=\"article:published_time\" content=\"2023-03-01T04:17:00+00:00\" \/>\n<meta property=\"article:modified_time\" content=\"2023-02-22T16:19:17+00:00\" \/>\n<meta property=\"og:image\" content=\"https:\/\/caminhosdahistoria.com\/wp-content\/uploads\/2023\/02\/Dia-1-Tomar-1024x819.jpg\" \/>\n<meta name=\"author\" content=\"nextsolution\" \/>\n<meta name=\"twitter:card\" content=\"summary_large_image\" \/>\n<meta name=\"twitter:label1\" content=\"\u00c9crit par\" \/>\n\t<meta name=\"twitter:data1\" content=\"nextsolution\" \/>\n\t<meta name=\"twitter:label2\" content=\"Dur\u00e9e de lecture estim\u00e9e\" \/>\n\t<meta name=\"twitter:data2\" content=\"1 minute\" \/>\n<script type=\"application\/ld+json\" class=\"yoast-schema-graph\">{\"@context\":\"https:\/\/schema.org\",\"@graph\":[{\"@type\":\"Organization\",\"@id\":\"https:\/\/caminhosdahistoria.com\/#organization\",\"name\":\"Caminhos da Hist\u00f3ria\",\"url\":\"https:\/\/caminhosdahistoria.com\/\",\"sameAs\":[],\"logo\":{\"@type\":\"ImageObject\",\"inLanguage\":\"fr-FR\",\"@id\":\"https:\/\/caminhosdahistoria.com\/#\/schema\/logo\/image\/\",\"url\":\"https:\/\/caminhosdahistoria.com\/wp-content\/uploads\/2022\/12\/logo-flag.jpg\",\"contentUrl\":\"https:\/\/caminhosdahistoria.com\/wp-content\/uploads\/2022\/12\/logo-flag.jpg\",\"width\":180,\"height\":113,\"caption\":\"Caminhos da Hist\u00f3ria\"},\"image\":{\"@id\":\"https:\/\/caminhosdahistoria.com\/#\/schema\/logo\/image\/\"}},{\"@type\":\"WebSite\",\"@id\":\"https:\/\/caminhosdahistoria.com\/#website\",\"url\":\"https:\/\/caminhosdahistoria.com\/\",\"name\":\"Caminhos da Hist\u00f3ria\",\"description\":\"\",\"publisher\":{\"@id\":\"https:\/\/caminhosdahistoria.com\/#organization\"},\"potentialAction\":[{\"@type\":\"SearchAction\",\"target\":{\"@type\":\"EntryPoint\",\"urlTemplate\":\"https:\/\/caminhosdahistoria.com\/?s={search_term_string}\"},\"query-input\":\"required name=search_term_string\"}],\"inLanguage\":\"fr-FR\"},{\"@type\":\"ImageObject\",\"inLanguage\":\"fr-FR\",\"@id\":\"https:\/\/caminhosdahistoria.com\/2023\/03\/01\/tomar-celebra-a-1-de-marco-os-863-anos-da-fundacao-do-castelo-templario\/#primaryimage\",\"url\":\"https:\/\/caminhosdahistoria.com\/wp-content\/uploads\/2023\/02\/Dia-1-Tomar.jpg\",\"contentUrl\":\"https:\/\/caminhosdahistoria.com\/wp-content\/uploads\/2023\/02\/Dia-1-Tomar.jpg\",\"width\":2000,\"height\":1600},{\"@type\":\"WebPage\",\"@id\":\"https:\/\/caminhosdahistoria.com\/2023\/03\/01\/tomar-celebra-a-1-de-marco-os-863-anos-da-fundacao-do-castelo-templario\/#webpage\",\"url\":\"https:\/\/caminhosdahistoria.com\/2023\/03\/01\/tomar-celebra-a-1-de-marco-os-863-anos-da-fundacao-do-castelo-templario\/\",\"name\":\"Tomar celebra a 1 de mar\u00e7o os 863 anos da funda\u00e7\u00e3o do Castelo Templ\u00e1rio - Caminhos da Hist\u00f3ria\",\"isPartOf\":{\"@id\":\"https:\/\/caminhosdahistoria.com\/#website\"},\"primaryImageOfPage\":{\"@id\":\"https:\/\/caminhosdahistoria.com\/2023\/03\/01\/tomar-celebra-a-1-de-marco-os-863-anos-da-fundacao-do-castelo-templario\/#primaryimage\"},\"datePublished\":\"2023-03-01T04:17:00+00:00\",\"dateModified\":\"2023-02-22T16:19:17+00:00\",\"description\":\"Antiga sede da Ordem dos Templ\u00e1rios, Tomar \u00e9 uma cidade de grande encanto, pela sua riqueza art\u00edstica e cultural. Fundada por D. Gualdim Pais \u2013 cavaleiro Templ\u00e1rio em 1 de Mar\u00e7o em 1158.\",\"breadcrumb\":{\"@id\":\"https:\/\/caminhosdahistoria.com\/2023\/03\/01\/tomar-celebra-a-1-de-marco-os-863-anos-da-fundacao-do-castelo-templario\/#breadcrumb\"},\"inLanguage\":\"fr-FR\",\"potentialAction\":[{\"@type\":\"ReadAction\",\"target\":[\"https:\/\/caminhosdahistoria.com\/2023\/03\/01\/tomar-celebra-a-1-de-marco-os-863-anos-da-fundacao-do-castelo-templario\/\"]}]},{\"@type\":\"BreadcrumbList\",\"@id\":\"https:\/\/caminhosdahistoria.com\/2023\/03\/01\/tomar-celebra-a-1-de-marco-os-863-anos-da-fundacao-do-castelo-templario\/#breadcrumb\",\"itemListElement\":[{\"@type\":\"ListItem\",\"position\":1,\"name\":\"In\u00edcio\",\"item\":\"https:\/\/caminhosdahistoria.com\/\"},{\"@type\":\"ListItem\",\"position\":2,\"name\":\"Tomar celebra a 1 de mar\u00e7o os 863 anos da funda\u00e7\u00e3o do Castelo Templ\u00e1rio\"}]},{\"@type\":\"Article\",\"@id\":\"https:\/\/caminhosdahistoria.com\/2023\/03\/01\/tomar-celebra-a-1-de-marco-os-863-anos-da-fundacao-do-castelo-templario\/#article\",\"isPartOf\":{\"@id\":\"https:\/\/caminhosdahistoria.com\/2023\/03\/01\/tomar-celebra-a-1-de-marco-os-863-anos-da-fundacao-do-castelo-templario\/#webpage\"},\"author\":{\"name\":\"nextsolution\",\"@id\":\"https:\/\/caminhosdahistoria.com\/#\/schema\/person\/93bc5a12e4ad8034561982e36f713aed\"},\"headline\":\"Tomar celebra a 1 de mar\u00e7o os 863 anos da funda\u00e7\u00e3o do Castelo Templ\u00e1rio\",\"datePublished\":\"2023-03-01T04:17:00+00:00\",\"dateModified\":\"2023-02-22T16:19:17+00:00\",\"mainEntityOfPage\":{\"@id\":\"https:\/\/caminhosdahistoria.com\/2023\/03\/01\/tomar-celebra-a-1-de-marco-os-863-anos-da-fundacao-do-castelo-templario\/#webpage\"},\"wordCount\":15,\"commentCount\":0,\"publisher\":{\"@id\":\"https:\/\/caminhosdahistoria.com\/#organization\"},\"image\":{\"@id\":\"https:\/\/caminhosdahistoria.com\/2023\/03\/01\/tomar-celebra-a-1-de-marco-os-863-anos-da-fundacao-do-castelo-templario\/#primaryimage\"},\"thumbnailUrl\":\"https:\/\/caminhosdahistoria.com\/wp-content\/uploads\/2023\/02\/Dia-1-Tomar-1024x819.jpg\",\"articleSection\":[\"Blog\"],\"inLanguage\":\"fr-FR\",\"potentialAction\":[{\"@type\":\"CommentAction\",\"name\":\"Comment\",\"target\":[\"https:\/\/caminhosdahistoria.com\/2023\/03\/01\/tomar-celebra-a-1-de-marco-os-863-anos-da-fundacao-do-castelo-templario\/#respond\"]}]},{\"@type\":\"Person\",\"@id\":\"https:\/\/caminhosdahistoria.com\/#\/schema\/person\/93bc5a12e4ad8034561982e36f713aed\",\"name\":\"nextsolution\",\"image\":{\"@type\":\"ImageObject\",\"inLanguage\":\"fr-FR\",\"@id\":\"https:\/\/caminhosdahistoria.com\/#\/schema\/person\/image\/\",\"url\":\"https:\/\/secure.gravatar.com\/avatar\/439b3e30770e504cdf6cabf60f3c0aff?s=96&d=mm&r=g\",\"contentUrl\":\"https:\/\/secure.gravatar.com\/avatar\/439b3e30770e504cdf6cabf60f3c0aff?s=96&d=mm&r=g\",\"caption\":\"nextsolution\"},\"url\":\"https:\/\/caminhosdahistoria.com\/fr\/author\/nextsolution\/\"}]}<\/script>\n<!-- \/ Yoast SEO plugin. -->","yoast_head_json":{"title":"Tomar celebra a 1 de mar\u00e7o os 863 anos da funda\u00e7\u00e3o do Castelo Templ\u00e1rio - Caminhos da Hist\u00f3ria","description":"Antiga sede da Ordem dos Templ\u00e1rios, Tomar \u00e9 uma cidade de grande encanto, pela sua riqueza art\u00edstica e cultural. Fundada por D. Gualdim Pais \u2013 cavaleiro Templ\u00e1rio em 1 de Mar\u00e7o em 1158.","robots":{"index":"index","follow":"follow","max-snippet":"max-snippet:-1","max-image-preview":"max-image-preview:large","max-video-preview":"max-video-preview:-1"},"canonical":"https:\/\/caminhosdahistoria.com\/fr\/2023\/03\/01\/tomar-celebra-a-1-de-marco-os-863-anos-da-fundacao-do-castelo-templario\/","og_locale":"fr_FR","og_type":"article","og_title":"Tomar celebra a 1 de mar\u00e7o os 863 anos da funda\u00e7\u00e3o do Castelo Templ\u00e1rio - Caminhos da Hist\u00f3ria","og_description":"Antiga sede da Ordem dos Templ\u00e1rios, Tomar \u00e9 uma cidade de grande encanto, pela sua riqueza art\u00edstica e cultural. Fundada por D. Gualdim Pais \u2013 cavaleiro Templ\u00e1rio em 1 de Mar\u00e7o em 1158.","og_url":"https:\/\/caminhosdahistoria.com\/fr\/2023\/03\/01\/tomar-celebra-a-1-de-marco-os-863-anos-da-fundacao-do-castelo-templario\/","og_site_name":"Caminhos da Hist\u00f3ria","article_published_time":"2023-03-01T04:17:00+00:00","article_modified_time":"2023-02-22T16:19:17+00:00","og_image":[{"url":"https:\/\/caminhosdahistoria.com\/wp-content\/uploads\/2023\/02\/Dia-1-Tomar-1024x819.jpg"}],"author":"nextsolution","twitter_card":"summary_large_image","twitter_misc":{"\u00c9crit par":"nextsolution","Dur\u00e9e de lecture estim\u00e9e":"1 minute"},"schema":{"@context":"https:\/\/schema.org","@graph":[{"@type":"Organization","@id":"https:\/\/caminhosdahistoria.com\/#organization","name":"Caminhos da Hist\u00f3ria","url":"https:\/\/caminhosdahistoria.com\/","sameAs":[],"logo":{"@type":"ImageObject","inLanguage":"fr-FR","@id":"https:\/\/caminhosdahistoria.com\/#\/schema\/logo\/image\/","url":"https:\/\/caminhosdahistoria.com\/wp-content\/uploads\/2022\/12\/logo-flag.jpg","contentUrl":"https:\/\/caminhosdahistoria.com\/wp-content\/uploads\/2022\/12\/logo-flag.jpg","width":180,"height":113,"caption":"Caminhos da Hist\u00f3ria"},"image":{"@id":"https:\/\/caminhosdahistoria.com\/#\/schema\/logo\/image\/"}},{"@type":"WebSite","@id":"https:\/\/caminhosdahistoria.com\/#website","url":"https:\/\/caminhosdahistoria.com\/","name":"Caminhos da Hist\u00f3ria","description":"","publisher":{"@id":"https:\/\/caminhosdahistoria.com\/#organization"},"potentialAction":[{"@type":"SearchAction","target":{"@type":"EntryPoint","urlTemplate":"https:\/\/caminhosdahistoria.com\/?s={search_term_string}"},"query-input":"required name=search_term_string"}],"inLanguage":"fr-FR"},{"@type":"ImageObject","inLanguage":"fr-FR","@id":"https:\/\/caminhosdahistoria.com\/2023\/03\/01\/tomar-celebra-a-1-de-marco-os-863-anos-da-fundacao-do-castelo-templario\/#primaryimage","url":"https:\/\/caminhosdahistoria.com\/wp-content\/uploads\/2023\/02\/Dia-1-Tomar.jpg","contentUrl":"https:\/\/caminhosdahistoria.com\/wp-content\/uploads\/2023\/02\/Dia-1-Tomar.jpg","width":2000,"height":1600},{"@type":"WebPage","@id":"https:\/\/caminhosdahistoria.com\/2023\/03\/01\/tomar-celebra-a-1-de-marco-os-863-anos-da-fundacao-do-castelo-templario\/#webpage","url":"https:\/\/caminhosdahistoria.com\/2023\/03\/01\/tomar-celebra-a-1-de-marco-os-863-anos-da-fundacao-do-castelo-templario\/","name":"Tomar celebra a 1 de mar\u00e7o os 863 anos da funda\u00e7\u00e3o do Castelo Templ\u00e1rio - Caminhos da Hist\u00f3ria","isPartOf":{"@id":"https:\/\/caminhosdahistoria.com\/#website"},"primaryImageOfPage":{"@id":"https:\/\/caminhosdahistoria.com\/2023\/03\/01\/tomar-celebra-a-1-de-marco-os-863-anos-da-fundacao-do-castelo-templario\/#primaryimage"},"datePublished":"2023-03-01T04:17:00+00:00","dateModified":"2023-02-22T16:19:17+00:00","description":"Antiga sede da Ordem dos Templ\u00e1rios, Tomar \u00e9 uma cidade de grande encanto, pela sua riqueza art\u00edstica e cultural. Fundada por D. Gualdim Pais \u2013 cavaleiro Templ\u00e1rio em 1 de Mar\u00e7o em 1158.","breadcrumb":{"@id":"https:\/\/caminhosdahistoria.com\/2023\/03\/01\/tomar-celebra-a-1-de-marco-os-863-anos-da-fundacao-do-castelo-templario\/#breadcrumb"},"inLanguage":"fr-FR","potentialAction":[{"@type":"ReadAction","target":["https:\/\/caminhosdahistoria.com\/2023\/03\/01\/tomar-celebra-a-1-de-marco-os-863-anos-da-fundacao-do-castelo-templario\/"]}]},{"@type":"BreadcrumbList","@id":"https:\/\/caminhosdahistoria.com\/2023\/03\/01\/tomar-celebra-a-1-de-marco-os-863-anos-da-fundacao-do-castelo-templario\/#breadcrumb","itemListElement":[{"@type":"ListItem","position":1,"name":"In\u00edcio","item":"https:\/\/caminhosdahistoria.com\/"},{"@type":"ListItem","position":2,"name":"Tomar celebra a 1 de mar\u00e7o os 863 anos da funda\u00e7\u00e3o do Castelo Templ\u00e1rio"}]},{"@type":"Article","@id":"https:\/\/caminhosdahistoria.com\/2023\/03\/01\/tomar-celebra-a-1-de-marco-os-863-anos-da-fundacao-do-castelo-templario\/#article","isPartOf":{"@id":"https:\/\/caminhosdahistoria.com\/2023\/03\/01\/tomar-celebra-a-1-de-marco-os-863-anos-da-fundacao-do-castelo-templario\/#webpage"},"author":{"name":"nextsolution","@id":"https:\/\/caminhosdahistoria.com\/#\/schema\/person\/93bc5a12e4ad8034561982e36f713aed"},"headline":"Tomar celebra a 1 de mar\u00e7o os 863 anos da funda\u00e7\u00e3o do Castelo Templ\u00e1rio","datePublished":"2023-03-01T04:17:00+00:00","dateModified":"2023-02-22T16:19:17+00:00","mainEntityOfPage":{"@id":"https:\/\/caminhosdahistoria.com\/2023\/03\/01\/tomar-celebra-a-1-de-marco-os-863-anos-da-fundacao-do-castelo-templario\/#webpage"},"wordCount":15,"commentCount":0,"publisher":{"@id":"https:\/\/caminhosdahistoria.com\/#organization"},"image":{"@id":"https:\/\/caminhosdahistoria.com\/2023\/03\/01\/tomar-celebra-a-1-de-marco-os-863-anos-da-fundacao-do-castelo-templario\/#primaryimage"},"thumbnailUrl":"https:\/\/caminhosdahistoria.com\/wp-content\/uploads\/2023\/02\/Dia-1-Tomar-1024x819.jpg","articleSection":["Blog"],"inLanguage":"fr-FR","potentialAction":[{"@type":"CommentAction","name":"Comment","target":["https:\/\/caminhosdahistoria.com\/2023\/03\/01\/tomar-celebra-a-1-de-marco-os-863-anos-da-fundacao-do-castelo-templario\/#respond"]}]},{"@type":"Person","@id":"https:\/\/caminhosdahistoria.com\/#\/schema\/person\/93bc5a12e4ad8034561982e36f713aed","name":"nextsolution","image":{"@type":"ImageObject","inLanguage":"fr-FR","@id":"https:\/\/caminhosdahistoria.com\/#\/schema\/person\/image\/","url":"https:\/\/secure.gravatar.com\/avatar\/439b3e30770e504cdf6cabf60f3c0aff?s=96&d=mm&r=g","contentUrl":"https:\/\/secure.gravatar.com\/avatar\/439b3e30770e504cdf6cabf60f3c0aff?s=96&d=mm&r=g","caption":"nextsolution"},"url":"https:\/\/caminhosdahistoria.com\/fr\/author\/nextsolution\/"}]}},"_links":{"self":[{"href":"https:\/\/caminhosdahistoria.com\/fr\/wp-json\/wp\/v2\/posts\/2109"}],"collection":[{"href":"https:\/\/caminhosdahistoria.com\/fr\/wp-json\/wp\/v2\/posts"}],"about":[{"href":"https:\/\/caminhosdahistoria.com\/fr\/wp-json\/wp\/v2\/types\/post"}],"author":[{"embeddable":true,"href":"https:\/\/caminhosdahistoria.com\/fr\/wp-json\/wp\/v2\/users\/3"}],"replies":[{"embeddable":true,"href":"https:\/\/caminhosdahistoria.com\/fr\/wp-json\/wp\/v2\/comments?post=2109"}],"version-history":[{"count":2,"href":"https:\/\/caminhosdahistoria.com\/fr\/wp-json\/wp\/v2\/posts\/2109\/revisions"}],"predecessor-version":[{"id":2120,"href":"https:\/\/caminhosdahistoria.com\/fr\/wp-json\/wp\/v2\/posts\/2109\/revisions\/2120"}],"wp:attachment":[{"href":"https:\/\/caminhosdahistoria.com\/fr\/wp-json\/wp\/v2\/media?parent=2109"}],"wp:term":[{"taxonomy":"category","embeddable":true,"href":"https:\/\/caminhosdahistoria.com\/fr\/wp-json\/wp\/v2\/categories?post=2109"},{"taxonomy":"post_tag","embeddable":true,"href":"https:\/\/caminhosdahistoria.com\/fr\/wp-json\/wp\/v2\/tags?post=2109"}],"curies":[{"name":"wp","href":"https:\/\/api.w.org\/{rel}","templated":true}]}}